{"id":522,"date":"2018-08-01T10:23:32","date_gmt":"2018-08-01T10:23:32","guid":{"rendered":"http:\/\/empirische-designforschung.de\/?p=522"},"modified":"2018-08-01T10:23:32","modified_gmt":"2018-08-01T10:23:32","slug":"die-autobahn-als-erholungsort","status":"publish","type":"post","link":"https:\/\/gesunde-gestaltung.de\/en_us\/uncategorized\/die-autobahn-als-erholungsort\/","title":{"rendered":"Die Autobahn als Erholungsort"},"content":{"rendered":"<p>Mit einer erh\u00f6hten Belastung an Stickoxiden, L\u00e4rm und verkehrsbedingten Sicherheitsrisiken geh\u00f6rt die Autobahn und ihre Peripherie nicht unbedingt zu klassischen Bereichen gesundheitsf\u00f6rdernder Gestaltung. Wer auf langen Reisen mit dem Auto dann zur Pause an einer der Autobahnrastst\u00e4tten eine Pause einlegt, wird allzu oft mit einem Hybrid aus Tankstelle und architektonischem Unort konfrontiert, dessen prim\u00e4re Raumqualit\u00e4ten auf das Angebot einer Toilette, eines Schnellimbisses und eines Souveniershops zu reduzieren sind. Doch auch in dieser Kategorie der Gestaltung lassen sich Fallbeispiele finden, die Aspekte der gesundheitsf\u00f6rdernden Gestaltung implementiert haben.<\/p>\n<p>Positive Ausnahme der Autobahnlandschaft stellt die Gotthard Rastst\u00e4tte an der A2 kurz vor dem Gotthard-Tunnel dar. Das von au\u00dfen schlicht anmutende Geb\u00e4ude aus Holzlamellen verbindet eine Vielzahl von sogenannten biophilen Gestaltungsmustern, wie sie <a href=\"http:\/\/www.archnet-ijar.net\/index.php\/IJAR\/article\/viewFile\/436\/352\">Ryan und Kollegen (2014)<\/a> erl\u00e4utern. So er\u00f6ffnet sich dem Besucher gleich beim Betreten des Geb\u00e4udes ein weitl\u00e4ufiges lichtdurchflutetes Foyer, das neben der F\u00fclle an Massivholzbalken einen gro\u00dfz\u00fcgigen Blick in die Baumlandschaft hinter dem Geb\u00e4ude erlaubt. Gestaltungselemente wie der enorme Raum, die Einbeziehung nat\u00fcrlichen Lichtes, die Inszenierung einer Kunstskulptur in der Hauptblickachse des Eingangs und die allgemein formal-\u00e4sthetisch minderkomplexe Gestaltung des Geb\u00e4udes erzeugen einen Erlebnisraum, der \u00fcber hervorragende Erholungsqualit\u00e4ten verf\u00fcgt. Der intensive visuelle Kontakt zum Material Holz sowie die Verschmelzung von Au\u00dfenraum und Innenraum k\u00f6nnen durch Effekte wie die sanfte Faszination (Kaplan und Kaplan, 1989) eine stressreduzierende Wirkung hervorrufen. Erg\u00e4nzt wird dieses Angebot durch eine gro\u00dfe mechanische Murmelbahn, die bei Kindern und Erwachsenen gleicherma\u00dfen f\u00fcr Ablenkung sorgt, sowie die Sonnenterrasse des zugeh\u00f6rigen Restaurants, die bewusst mit Blick in die Berglandschaft weg von der Autobahn ausgerichtet ist. Diese formal sensible Gestaltung setzt sich bis zu den Toiletten fort, die durch ein gro\u00dfz\u00fcgiges Raumangebot, dezente akustische Reize und nat\u00fcrliche Materialien sauber und ordentlich wirken, ohne klinische Sterilit\u00e4t auszustrahlen.<\/p>\n<div class=\"fusion-fullwidth fullwidth-box fusion-builder-row-1 fusion-flex-container hundred-percent-fullwidth non-hundred-percent-height-scrolling\" style=\"--awb-border-radius-top-left:0px;--awb-border-radius-top-right:0px;--awb-border-radius-bottom-right:0px;--awb-border-radius-bottom-left:0px;--awb-overflow:visible;\" ><div class=\"fusion-builder-row fusion-row fusion-flex-align-items-flex-start\" style=\"width:calc( 100% + 0px ) !important;max-width:calc( 100% + 0px ) !important;margin-left: calc(-0px \/ 2 );margin-right: calc(-0px \/ 2 );\"><div class=\"fusion-layout-column fusion_builder_column fusion-builder-column-0 fusion_builder_column_1_1 1_1 fusion-flex-column fusion-flex-align-self-flex-start fusion-column-no-min-height\" style=\"--awb-bg-size:cover;--awb-width-large:100%;--awb-margin-top-large:0px;--awb-spacing-right-large:0px;--awb-margin-bottom-large:0px;--awb-spacing-left-large:0px;--awb-width-medium:100%;--awb-spacing-right-medium:0px;--awb-spacing-left-medium:0px;--awb-width-small:100%;--awb-spacing-right-small:0px;--awb-spacing-left-small:0px;\"><div class=\"fusion-column-wrapper fusion-flex-justify-content-flex-start fusion-content-layout-column\"><div class=\"fusion-image-carousel fusion-image-carousel-auto fusion-image-carousel-1 lightbox-enabled fusion-carousel-border\"><div class=\"awb-carousel awb-swiper awb-swiper-carousel\" data-autoplay=\"yes\" data-columns=\"1\" data-itemmargin=\"13\" data-itemwidth=\"180\" data-touchscroll=\"no\" data-imagesize=\"auto\" style=\"--awb-columns:1;\"><div class=\"swiper-wrapper fusion-flex-align-items-center\"><div class=\"swiper-slide\"><div class=\"fusion-carousel-item-wrapper\"><div class=\"fusion-image-wrapper hover-type-zoomin\"><a data-rel=\"iLightbox[image_carousel_1]\" href=\"http:\/\/empirische-designforschung.de\/wp-content\/uploads\/2018\/08\/Gotthard-Rastst\u00e4tte_Jonas-Rehn-2018.jpg\" target=\"_self\"><img decoding=\"async\" src=\"http:\/\/empirische-designforschung.de\/wp-content\/uploads\/2018\/08\/Gotthard-Rastst\u00e4tte_Jonas-Rehn-2018.jpg\" alt=\"\"\/><\/a><\/div><\/div><\/div><div class=\"swiper-slide\"><div class=\"fusion-carousel-item-wrapper\"><div class=\"fusion-image-wrapper hover-type-zoomin\"><a data-rel=\"iLightbox[image_carousel_1]\" href=\"http:\/\/empirische-designforschung.de\/wp-content\/uploads\/2018\/08\/Gotthard-Rastst\u00e4tte_Jonas-Rehn-20184.jpg\" target=\"_self\"><img decoding=\"async\" src=\"http:\/\/empirische-designforschung.de\/wp-content\/uploads\/2018\/08\/Gotthard-Rastst\u00e4tte_Jonas-Rehn-20184.jpg\" alt=\"\"\/><\/a><\/div><\/div><\/div><div class=\"swiper-slide\"><div class=\"fusion-carousel-item-wrapper\"><div class=\"fusion-image-wrapper hover-type-zoomin\"><a data-rel=\"iLightbox[image_carousel_1]\" href=\"http:\/\/empirische-designforschung.de\/wp-content\/uploads\/2018\/08\/Gotthard-Rastst\u00e4tte_Jonas-Rehn-20183.jpg\" target=\"_self\"><img decoding=\"async\" src=\"http:\/\/empirische-designforschung.de\/wp-content\/uploads\/2018\/08\/Gotthard-Rastst\u00e4tte_Jonas-Rehn-20183.jpg\" alt=\"\"\/><\/a><\/div><\/div><\/div><div class=\"swiper-slide\"><div class=\"fusion-carousel-item-wrapper\"><div class=\"fusion-image-wrapper hover-type-zoomin\"><a data-rel=\"iLightbox[image_carousel_1]\" href=\"http:\/\/empirische-designforschung.de\/wp-content\/uploads\/2018\/08\/Gotthard-Rastst\u00e4tte_Jonas-Rehn-20182.jpg\" target=\"_self\"><img decoding=\"async\" src=\"http:\/\/empirische-designforschung.de\/wp-content\/uploads\/2018\/08\/Gotthard-Rastst\u00e4tte_Jonas-Rehn-20182.jpg\" alt=\"\"\/><\/a><\/div><\/div><\/div><div class=\"swiper-slide\"><div class=\"fusion-carousel-item-wrapper\"><div class=\"fusion-image-wrapper hover-type-zoomin\"><a data-rel=\"iLightbox[image_carousel_1]\" href=\"http:\/\/empirische-designforschung.de\/wp-content\/uploads\/2018\/08\/Gotthard-Rastst\u00e4tte_Jonas-Rehn-20186-e1533111520947.jpg\" target=\"_self\"><img decoding=\"async\" src=\"http:\/\/empirische-designforschung.de\/wp-content\/uploads\/2018\/08\/Gotthard-Rastst\u00e4tte_Jonas-Rehn-20186-e1533111520947.jpg\" alt=\"\"\/><\/a><\/div><\/div><\/div><div class=\"swiper-slide\"><div class=\"fusion-carousel-item-wrapper\"><div class=\"fusion-image-wrapper hover-type-zoomin\"><a data-rel=\"iLightbox[image_carousel_1]\" href=\"http:\/\/empirische-designforschung.de\/wp-content\/uploads\/2018\/08\/Gotthard-Rastst\u00e4tte_Jonas-Rehn-20185-e1533111536818.jpg\" target=\"_self\"><img decoding=\"async\" src=\"http:\/\/empirische-designforschung.de\/wp-content\/uploads\/2018\/08\/Gotthard-Rastst\u00e4tte_Jonas-Rehn-20185-e1533111536818.jpg\" alt=\"\"\/><\/a><\/div><\/div><\/div><\/div><div class=\"awb-swiper-button awb-swiper-button-prev\"><i class=\"awb-icon-angle-left\" aria-hidden=\"true\"><\/i><\/div><div class=\"awb-swiper-button awb-swiper-button-next\"><i class=\"awb-icon-angle-right\" aria-hidden=\"true\"><\/i><\/div><\/div><\/div>\n<p>Dabei stellt diese Rastst\u00e4tte nicht die ideale Gestaltung einer Pause an der Autobahn dar, sondern zeigt in erster Linie das Potential von Gestaltungskontexten, die bislang in einer Art Schema-F bearbeitet wurden und konzeptionell neu gedacht werden. Dieses Prinzip eines grundlegenden Neudenkens von bestehenden Systemen und Konzepten ist besonders in der gesundheitsf\u00f6rdernden Gestaltung von enormer Bedeutung, da nur so versteckte Potentiale Erschlossen werden k\u00f6nnen. Wer erleben m\u00f6chte, wie durch diese Form des gestalterischen Neudenkens bestehender Konzepte ohne gr\u00f6\u00dfere Ver\u00e4nderung ihrer tats\u00e4chlichen funktionalen Angebote (!) ein gesundheitsf\u00f6rderlicher Mehrwert entsteht, sollte einmal auf dem Weg zum Gotthard-Tunnel Rast machen.<\/p>\n<p>&nbsp;<\/p>\n<p>&nbsp;<\/p>\n<p>&nbsp;<\/div><\/div><\/div><\/div>","protected":false},"excerpt":{"rendered":"<p>Mit einer erh\u00f6hten Belastung an Stickoxiden, L\u00e4rm und verkehrsbedingten Sicherheitsrisiken geh\u00f6rt die Autobahn und ihre Peripherie nicht unbedingt zu klassischen Bereichen gesundheitsf\u00f6rdernder Gestaltung. Wer auf langen Reisen mit dem Auto dann zur Pause an einer der Autobahnrastst\u00e4tten eine Pause einlegt, wird allzu oft mit einem Hybrid aus Tankstelle und architektonischem Unort konfrontiert, dessen prim\u00e4re Raumqualit\u00e4ten auf das Angebot einer Toilette, eines Schnellimbisses und eines Souveniershops zu reduzieren sind. Doch auch in dieser Kategorie der Gestaltung lassen sich Fallbeispiele finden, die Aspekte der gesundheitsf\u00f6rdernden Gestaltung implementiert haben. Positive Ausnahme der Autobahnlandschaft stellt die Gotthard Rastst\u00e4tte an der A2 kurz vor dem [&hellip;]<\/p>","protected":false},"author":1,"featured_media":531,"comment_status":"open","ping_status":"open","sticky":false,"template":"","format":"standard","meta":{"footnotes":""},"categories":[3,4,10,12,1],"tags":[16,17,31,40,45],"class_list":["post-522","post","type-post","status-publish","format-standard","has-post-thumbnail","hentry","category-biophilic-design","category-case-studies","category-praxis","category-stressreduktion","category-uncategorized","tag-autobahn","tag-biophilic-design","tag-holz","tag-raststaetten","tag-stressreduktion"],"_links":{"self":[{"href":"https:\/\/gesunde-gestaltung.de\/en_us\/wp-json\/wp\/v2\/posts\/522","targetHints":{"allow":["GET"]}}],"collection":[{"href":"https:\/\/gesunde-gestaltung.de\/en_us\/wp-json\/wp\/v2\/posts"}],"about":[{"href":"https:\/\/gesunde-gestaltung.de\/en_us\/wp-json\/wp\/v2\/types\/post"}],"author":[{"embeddable":true,"href":"https:\/\/gesunde-gestaltung.de\/en_us\/wp-json\/wp\/v2\/users\/1"}],"replies":[{"embeddable":true,"href":"https:\/\/gesunde-gestaltung.de\/en_us\/wp-json\/wp\/v2\/comments?post=522"}],"version-history":[{"count":0,"href":"https:\/\/gesunde-gestaltung.de\/en_us\/wp-json\/wp\/v2\/posts\/522\/revisions"}],"wp:featuredmedia":[{"embeddable":true,"href":"https:\/\/gesunde-gestaltung.de\/en_us\/wp-json\/wp\/v2\/media\/531"}],"wp:attachment":[{"href":"https:\/\/gesunde-gestaltung.de\/en_us\/wp-json\/wp\/v2\/media?parent=522"}],"wp:term":[{"taxonomy":"category","embeddable":true,"href":"https:\/\/gesunde-gestaltung.de\/en_us\/wp-json\/wp\/v2\/categories?post=522"},{"taxonomy":"post_tag","embeddable":true,"href":"https:\/\/gesunde-gestaltung.de\/en_us\/wp-json\/wp\/v2\/tags?post=522"}],"curies":[{"name":"wp","href":"https:\/\/api.w.org\/{rel}","templated":true}]}}