{"id":394,"date":"2016-11-04T10:55:27","date_gmt":"2016-11-04T10:55:27","guid":{"rendered":"http:\/\/empirische-designforschung.de\/?p=394"},"modified":"2016-11-04T10:55:27","modified_gmt":"2016-11-04T10:55:27","slug":"biophilie-in-der-grossstadt","status":"publish","type":"post","link":"https:\/\/gesunde-gestaltung.de\/en_us\/biophilic-design\/biophilie-in-der-grossstadt\/","title":{"rendered":"Biophilie in der Gro\u00dfstadt"},"content":{"rendered":"<div class=\"fusion-fullwidth fullwidth-box fusion-builder-row-1 fusion-flex-container hundred-percent-fullwidth non-hundred-percent-height-scrolling\" style=\"--awb-border-radius-top-left:0px;--awb-border-radius-top-right:0px;--awb-border-radius-bottom-right:0px;--awb-border-radius-bottom-left:0px;--awb-overflow:visible;\" ><div class=\"fusion-builder-row fusion-row fusion-flex-align-items-flex-start\" style=\"width:calc( 100% + 0px ) !important;max-width:calc( 100% + 0px ) !important;margin-left: calc(-0px \/ 2 );margin-right: calc(-0px \/ 2 );\"><div class=\"fusion-layout-column fusion_builder_column fusion-builder-column-0 fusion_builder_column_1_1 1_1 fusion-flex-column fusion-flex-align-self-flex-start fusion-column-no-min-height\" style=\"--awb-bg-size:cover;--awb-width-large:100%;--awb-margin-top-large:0px;--awb-spacing-right-large:0px;--awb-margin-bottom-large:0px;--awb-spacing-left-large:0px;--awb-width-medium:100%;--awb-spacing-right-medium:0px;--awb-spacing-left-medium:0px;--awb-width-small:100%;--awb-spacing-right-small:0px;--awb-spacing-left-small:0px;\"><div class=\"fusion-column-wrapper fusion-flex-justify-content-flex-start fusion-content-layout-column\"><div class=\"fusion-text fusion-text-1\"><p>Es gibt eine Vielzahl von gestalterischen Ans\u00e4tzen um die Gesundheit zu f\u00f6rdern. Meist geht es darum Stress zu reduzieren, Sozialit\u00e4t zu f\u00f6rdern und das Gef\u00fchl von Sinnhaftigkeit und Verstehbarkeit im Sinne der Salutogenese (bzw. des sogenannten Koh\u00e4renzgef\u00fchls) zu f\u00f6rdern. Wer zur Zeit durch die frankfurter Innenstadt l\u00e4uft wird auf dem Goetheplatz auf ein Konzept aufmerksam, das mit relativ einfachen Mitteln eine tempor\u00e4re Installation darstellt, die all diese Faktoren ber\u00fccksichtigt. Organisiert vom <a href=\"http:\/\/frankfurter-garten.de\/wir-ueber-uns\/\" target=\"_blank\" rel=\"noopener noreferrer\">Frankfurter Garten e.V.<\/a> wurde der Zukunftspavillon errichtet. Ein transluzenter Projektraum aus Holzverstrebungen, der im Innern ein Bistro und Raum f\u00fcr Events beherbergt und an seinen Au\u00dfenw\u00e4nden \u00fcber kleine Beete f\u00fcr Urban Gardening verf\u00fcgt.<\/p>\n<p><a href=\"http:\/\/empirische-designforschung.de\/wp-content\/uploads\/2016\/11\/Frankfurt-2.jpg\"><img decoding=\"async\" class=\"alignnone size-full wp-image-396\" src=\"http:\/\/empirische-designforschung.de\/wp-content\/uploads\/2016\/11\/Frankfurt-2.jpg\" alt=\"Frankfurt-2\" width=\"1200\" height=\"675\" \/><\/a><\/p>\n<\/div>\n<p>Dieser Raum im Mittelpunkt der Bankenmetropole schafft so nicht nur einen Ruhepol f\u00fcr unterschiedlichste Nutzergruppen, sondern verf\u00fcgt durch den visuellen Bezug nach au\u00dfen, seine transluzente und mutlifunktionale Struktur und die explizite Einbindung nat\u00fcrlicher Elemente (Nutzpflanzen, Licht, Wind, etc.) \u00fcber zahlreiche Muster des sogenannten Biophilic Designs. Aber auch die St\u00e4rkung der Sozialit\u00e4t durch unterschiedliche kulturelle Veranstaltungen und die \u00f6ffentlichen Beete stellen einen komplement\u00e4ren Gegenpol zum beschleunigenden Konzept Gro\u00dfstadt dar, ohne jedoch damit in Konkurrenz zu treten.<\/div><\/div><\/div><\/div>","protected":false},"excerpt":{"rendered":"","protected":false},"author":1,"featured_media":395,"comment_status":"open","ping_status":"open","sticky":false,"template":"","format":"standard","meta":{"footnotes":""},"categories":[3,4,11,12],"tags":[],"class_list":["post-394","post","type-post","status-publish","format-standard","has-post-thumbnail","hentry","category-biophilic-design","category-case-studies","category-sozialitaet","category-stressreduktion"],"_links":{"self":[{"href":"https:\/\/gesunde-gestaltung.de\/en_us\/wp-json\/wp\/v2\/posts\/394","targetHints":{"allow":["GET"]}}],"collection":[{"href":"https:\/\/gesunde-gestaltung.de\/en_us\/wp-json\/wp\/v2\/posts"}],"about":[{"href":"https:\/\/gesunde-gestaltung.de\/en_us\/wp-json\/wp\/v2\/types\/post"}],"author":[{"embeddable":true,"href":"https:\/\/gesunde-gestaltung.de\/en_us\/wp-json\/wp\/v2\/users\/1"}],"replies":[{"embeddable":true,"href":"https:\/\/gesunde-gestaltung.de\/en_us\/wp-json\/wp\/v2\/comments?post=394"}],"version-history":[{"count":0,"href":"https:\/\/gesunde-gestaltung.de\/en_us\/wp-json\/wp\/v2\/posts\/394\/revisions"}],"wp:featuredmedia":[{"embeddable":true,"href":"https:\/\/gesunde-gestaltung.de\/en_us\/wp-json\/wp\/v2\/media\/395"}],"wp:attachment":[{"href":"https:\/\/gesunde-gestaltung.de\/en_us\/wp-json\/wp\/v2\/media?parent=394"}],"wp:term":[{"taxonomy":"category","embeddable":true,"href":"https:\/\/gesunde-gestaltung.de\/en_us\/wp-json\/wp\/v2\/categories?post=394"},{"taxonomy":"post_tag","embeddable":true,"href":"https:\/\/gesunde-gestaltung.de\/en_us\/wp-json\/wp\/v2\/tags?post=394"}],"curies":[{"name":"wp","href":"https:\/\/api.w.org\/{rel}","templated":true}]}}