{"id":3417,"date":"2025-11-21T10:52:42","date_gmt":"2025-11-21T10:52:42","guid":{"rendered":"https:\/\/gesunde-gestaltung.de\/?p=3417"},"modified":"2025-11-21T11:02:36","modified_gmt":"2025-11-21T11:02:36","slug":"30-basic-trends-in-der-gesundheitsfoerdernden-gestaltung","status":"publish","type":"post","link":"https:\/\/gesunde-gestaltung.de\/en_us\/uncategorized\/30-basic-trends-in-der-gesundheitsfoerdernden-gestaltung\/","title":{"rendered":"#30: BASIC: Trends in der gesundheitsf\u00f6rdernden Gestaltung"},"content":{"rendered":"<div class=\"powerpress_player\" id=\"powerpress_player_7593\"><!--[if lt IE 9]><script>document.createElement('audio');<\/script><![endif]-->\n<audio class=\"wp-audio-shortcode\" id=\"audio-3417-1\" preload=\"none\" style=\"width: 100%;\" controls=\"controls\"><source type=\"audio\/mpeg\" src=\"https:\/\/gesunde-gestaltung.de\/wp-content\/uploads\/2025\/11\/Trends_mixdown.mp3?_=1\" \/><a href=\"https:\/\/gesunde-gestaltung.de\/wp-content\/uploads\/2025\/11\/Trends_mixdown.mp3\">https:\/\/gesunde-gestaltung.de\/wp-content\/uploads\/2025\/11\/Trends_mixdown.mp3<\/a><\/audio><\/div><p class=\"powerpress_links powerpress_links_mp3\" style=\"margin-bottom: 1px !important;\">Podcast: <a href=\"https:\/\/gesunde-gestaltung.de\/wp-content\/uploads\/2025\/11\/Trends_mixdown.mp3\" class=\"powerpress_link_pinw\" target=\"_blank\" title=\"Play in new window\" onclick=\"return powerpress_pinw('https:\/\/gesunde-gestaltung.de\/en_us\/?powerpress_pinw=3417-podcast');\" rel=\"nofollow\">Play in new window<\/a> | <a href=\"https:\/\/gesunde-gestaltung.de\/wp-content\/uploads\/2025\/11\/Trends_mixdown.mp3\" class=\"powerpress_link_d\" title=\"Download\" rel=\"nofollow\" download=\"Trends_mixdown.mp3\">Download<\/a><\/p><p>Wie wird sich das Gesundheitssystem, therapeutische Einrichtungen und Abl\u00e4ufe in Zukunft ver\u00e4ndern? Niemand kann die Zukunft vorhersagen, doch Einblicke in Messen, Konferenzen und Symposien zeigen konkrete Innovationen und Entwicklungsrichtungen, mit denen wir zumindest einen Trend erahnen k\u00f6nnen.<\/p>\n<p>In dieser Folge richten wir unseren Blick auf gro\u00dfe Trends, technologische Neuigkeiten und welche Folgen diese f\u00fcr das medizinische Versorgungssystem und die Gesellschaft im Allgemeinen haben k\u00f6nnen.<\/p>","protected":false},"excerpt":{"rendered":"<p>Wie wird sich das Gesundheitssystem, therapeutische Einrichtungen und Abl\u00e4ufe in Zukunft ver\u00e4ndern? Niemand kann die Zukunft vorhersagen, doch Einblicke in Messen, Konferenzen und Symposien zeigen konkrete Innovationen und Entwicklungsrichtungen, mit denen wir zumindest einen Trend erahnen k\u00f6nnen. In dieser Folge richten wir unseren Blick auf gro\u00dfe Trends, technologische Neuigkeiten und welche Folgen diese f\u00fcr das medizinische Versorgungssystem und die Gesellschaft im Allgemeinen haben k\u00f6nnen.<\/p>","protected":false},"author":1,"featured_media":3421,"comment_status":"open","ping_status":"open","sticky":false,"template":"","format":"standard","meta":{"footnotes":""},"categories":[60,13,1,14],"tags":[],"class_list":["post-3417","post","type-post","status-publish","format-standard","has-post-thumbnail","hentry","category-podcast","category-trends-und-entwicklungen","category-uncategorized","category-wissenschaft"],"_links":{"self":[{"href":"https:\/\/gesunde-gestaltung.de\/en_us\/wp-json\/wp\/v2\/posts\/3417","targetHints":{"allow":["GET"]}}],"collection":[{"href":"https:\/\/gesunde-gestaltung.de\/en_us\/wp-json\/wp\/v2\/posts"}],"about":[{"href":"https:\/\/gesunde-gestaltung.de\/en_us\/wp-json\/wp\/v2\/types\/post"}],"author":[{"embeddable":true,"href":"https:\/\/gesunde-gestaltung.de\/en_us\/wp-json\/wp\/v2\/users\/1"}],"replies":[{"embeddable":true,"href":"https:\/\/gesunde-gestaltung.de\/en_us\/wp-json\/wp\/v2\/comments?post=3417"}],"version-history":[{"count":3,"href":"https:\/\/gesunde-gestaltung.de\/en_us\/wp-json\/wp\/v2\/posts\/3417\/revisions"}],"predecessor-version":[{"id":3422,"href":"https:\/\/gesunde-gestaltung.de\/en_us\/wp-json\/wp\/v2\/posts\/3417\/revisions\/3422"}],"wp:featuredmedia":[{"embeddable":true,"href":"https:\/\/gesunde-gestaltung.de\/en_us\/wp-json\/wp\/v2\/media\/3421"}],"wp:attachment":[{"href":"https:\/\/gesunde-gestaltung.de\/en_us\/wp-json\/wp\/v2\/media?parent=3417"}],"wp:term":[{"taxonomy":"category","embeddable":true,"href":"https:\/\/gesunde-gestaltung.de\/en_us\/wp-json\/wp\/v2\/categories?post=3417"},{"taxonomy":"post_tag","embeddable":true,"href":"https:\/\/gesunde-gestaltung.de\/en_us\/wp-json\/wp\/v2\/tags?post=3417"}],"curies":[{"name":"wp","href":"https:\/\/api.w.org\/{rel}","templated":true}]}}