{"id":1550,"date":"2022-11-08T21:16:21","date_gmt":"2022-11-08T21:16:21","guid":{"rendered":"https:\/\/gesunde-gestaltung.de\/?p=1550"},"modified":"2022-11-08T21:16:21","modified_gmt":"2022-11-08T21:16:21","slug":"16-helge-aszmoneit-zu-recherche-und-wissensmanagement-in-der-gestaltung","status":"publish","type":"post","link":"https:\/\/gesunde-gestaltung.de\/en_us\/uncategorized\/16-helge-aszmoneit-zu-recherche-und-wissensmanagement-in-der-gestaltung\/","title":{"rendered":"#16: Helge Aszmoneit zu Recherche und Wissensmanagement in der Gestaltung"},"content":{"rendered":"<div class=\"powerpress_player\" id=\"powerpress_player_1738\"><!--[if lt IE 9]><script>document.createElement('audio');<\/script><![endif]-->\n<audio class=\"wp-audio-shortcode\" id=\"audio-1550-1\" preload=\"none\" style=\"width: 100%;\" controls=\"controls\"><source type=\"audio\/mpeg\" src=\"https:\/\/gesunde-gestaltung.de\/wp-content\/uploads\/2022\/10\/Podcast_Helge-Aszmoneit_mixdown.mp3?_=1\" \/><a href=\"https:\/\/gesunde-gestaltung.de\/wp-content\/uploads\/2022\/10\/Podcast_Helge-Aszmoneit_mixdown.mp3\">https:\/\/gesunde-gestaltung.de\/wp-content\/uploads\/2022\/10\/Podcast_Helge-Aszmoneit_mixdown.mp3<\/a><\/audio><\/div><p class=\"powerpress_links powerpress_links_mp3\" style=\"margin-bottom: 1px !important;\">Podcast: <a href=\"https:\/\/gesunde-gestaltung.de\/wp-content\/uploads\/2022\/10\/Podcast_Helge-Aszmoneit_mixdown.mp3\" class=\"powerpress_link_pinw\" target=\"_blank\" title=\"Play in new window\" onclick=\"return powerpress_pinw('https:\/\/gesunde-gestaltung.de\/en_us\/?powerpress_pinw=1550-podcast');\" rel=\"nofollow\">Play in new window<\/a> | <a href=\"https:\/\/gesunde-gestaltung.de\/wp-content\/uploads\/2022\/10\/Podcast_Helge-Aszmoneit_mixdown.mp3\" class=\"powerpress_link_d\" title=\"Download\" rel=\"nofollow\" download=\"Podcast_Helge-Aszmoneit_mixdown.mp3\">Download<\/a><\/p><p>Helge Aszmoneit hat Bibliothekswesen studiert und leitet seit 1987 die Bibliothek und den Bereich Information Services beim Rat f\u00fcr Formgebung\/German Design Council. Dort verantwortet sie alle bibliothekarischen Aufgaben wie Bestandsaufbau, die formale und inhaltliche Erschlie\u00dfung sowie die Vermittlung dieser Inhalte an alle am Design Interessierten. Das im Laufe der Jahrzehnte aufgebaute Wissen \u00fcber Design und dessen Quellen sowie das eigene Netzwerk flie\u00dfen in die Informationsvermittlung bei Beratungen und umfangreichen Recherchen f\u00fcr interne und externe Anfragen ein. Sie war und ist Dozentin f\u00fcr Seminare, Vortr\u00e4ge und Lehrauftr\u00e4ge an Design-Hochschulen zu den Themen \u201eDesigngeschichte\u201c und \u201eRecherche im Design\u201c.<\/p>\n<p>&nbsp;<\/p>\n<p>In dieser Folge befassen wir uns damit, wie wir eine solide Wissensgrundlage f\u00fcr informierte Gestaltung aufbauen und nutzen k\u00f6nnen. Dabei besprechen wir Strategien, Quellen aber auch individuelle Vorlieben in der Recherche und dem Wissensmanagement im Rahmen von Gestaltungsprojekten.<\/p>\n<p>&nbsp;<\/p>\n<p>&nbsp;<\/p>\n<p>&#8212;&#8212;&#8212;&#8211;<\/p>\n<p><strong>\u00a0<\/strong><\/p>\n<p><strong>Time Stamps<\/strong><\/p>\n<p>&nbsp;<\/p>\n<p>6:00 \u00a0\u00a0\u00a0 Bibliothek des Rat f\u00fcr Formgebung<\/p>\n<p>&nbsp;<\/p>\n<p>7:19 \u00a0\u00a0\u00a0 Recherche im Designprozess<\/p>\n<p>&nbsp;<\/p>\n<p>11:57\u00a0\u00a0 Planung von Rechercheprozessen<\/p>\n<p>&nbsp;<\/p>\n<p>15:02\u00a0\u00a0 Evidence-based Design &amp; Kommunikation<\/p>\n<p>&nbsp;<\/p>\n<p>23:20\u00a0\u00a0 Messbarkeit von Design und Effektivit\u00e4t<\/p>\n<p>&nbsp;<\/p>\n<p>26:00\u00a0\u00a0 Nutzen und Verwertbarkeit von Rechercheaufwand<\/p>\n<p>&nbsp;<\/p>\n<p>30:25\u00a0\u00a0 Informationsquellen und Rechercheans\u00e4tze im Design<\/p>\n<p>&nbsp;<\/p>\n<p>51:23\u00a0\u00a0 Informationen und Quellen verwalten<\/p>\n<p>&nbsp;<\/p>\n<p>57:37\u00a0\u00a0 Publikationen und Wissensvermittlung in der Gestaltung<\/p>\n<p>&nbsp;<\/p>\n<p>67:28\u00a0\u00a0 Rolle und Nutzen historischer Quellen<\/p>\n<p>&nbsp;<\/p>\n<p>76:08\u00a0\u00a0 Recherche als fundamentale Basis des Gestaltungsprozesses<\/p>\n<p>&nbsp;<\/p>\n<p>78:22\u00a0\u00a0 Recherche und Informationsmanagement Designausbildung<\/p>\n<p>&nbsp;<\/p>\n<p>&#8212;&#8212;&#8212;-<\/p>\n<p>&nbsp;<\/p>\n<p>&nbsp;<\/p>\n<p>Rat f\u00fcr Formgebung \/ Bibliothek<\/p>\n<p><a href=\"https:\/\/www.german-design-council.de\/ueber-uns\/bibliothek\">https:\/\/www.german-design-council.de\/ueber-uns\/bibliothek<\/a><\/p>\n<p>&nbsp;<\/p>\n<p>Verbund der Frankfurter Museumsbibliotheken<\/p>\n<p><a href=\"https:\/\/www.museumsbibliotheken.de\/\">https:\/\/www.museumsbibliotheken.de\/<\/a><\/p>\n<p>&nbsp;<\/p>\n<p>SWB BSZ Verbund<\/p>\n<p><a href=\"https:\/\/swb.bsz-bw.de\/DB=2.1\">https:\/\/swb.bsz-bw.de\/DB=2.1<\/a><\/p>\n<p>&nbsp;<\/p>\n<p>K10plus Verbund (SWB BSZ + GBV)<\/p>\n<p><a href=\"https:\/\/opac.k10plus.de\/\">https:\/\/opac.k10plus.de\/<\/a><\/p>\n<p>&nbsp;<\/p>\n<p>\u00dcber Designliteratur<\/p>\n<p><a href=\"https:\/\/gestalt-error-409.de\/ueber-designliteratur\/\">https:\/\/gestalt-error-409.de\/ueber-designliteratur\/<\/a><\/p>\n<p>&nbsp;<\/p>\n<p>&nbsp;<\/p>\n<p>&nbsp;<\/p>\n<p>&nbsp;<\/p>","protected":false},"excerpt":{"rendered":"<p>Helge Aszmoneit hat Bibliothekswesen studiert und leitet seit 1987 die Bibliothek und den Bereich Information Services beim Rat f\u00fcr Formgebung\/German Design Council. Dort verantwortet sie alle bibliothekarischen Aufgaben wie Bestandsaufbau, die formale und inhaltliche Erschlie\u00dfung sowie die Vermittlung dieser Inhalte an alle am Design Interessierten. Das im Laufe der Jahrzehnte aufgebaute Wissen \u00fcber Design und dessen Quellen sowie das eigene Netzwerk flie\u00dfen in die Informationsvermittlung bei Beratungen und umfangreichen Recherchen f\u00fcr interne und externe Anfragen ein. Sie war und ist Dozentin f\u00fcr Seminare, Vortr\u00e4ge und Lehrauftr\u00e4ge an Design-Hochschulen zu den Themen \u201eDesigngeschichte\u201c und \u201eRecherche im Design\u201c. &nbsp; In dieser Folge [&hellip;]<\/p>","protected":false},"author":1,"featured_media":1554,"comment_status":"open","ping_status":"open","sticky":false,"template":"","format":"standard","meta":{"footnotes":""},"categories":[6,7,60,1,14],"tags":[],"class_list":["post-1550","post","type-post","status-publish","format-standard","has-post-thumbnail","hentry","category-designtheorie","category-evidence-based-design","category-podcast","category-uncategorized","category-wissenschaft"],"_links":{"self":[{"href":"https:\/\/gesunde-gestaltung.de\/en_us\/wp-json\/wp\/v2\/posts\/1550","targetHints":{"allow":["GET"]}}],"collection":[{"href":"https:\/\/gesunde-gestaltung.de\/en_us\/wp-json\/wp\/v2\/posts"}],"about":[{"href":"https:\/\/gesunde-gestaltung.de\/en_us\/wp-json\/wp\/v2\/types\/post"}],"author":[{"embeddable":true,"href":"https:\/\/gesunde-gestaltung.de\/en_us\/wp-json\/wp\/v2\/users\/1"}],"replies":[{"embeddable":true,"href":"https:\/\/gesunde-gestaltung.de\/en_us\/wp-json\/wp\/v2\/comments?post=1550"}],"version-history":[{"count":2,"href":"https:\/\/gesunde-gestaltung.de\/en_us\/wp-json\/wp\/v2\/posts\/1550\/revisions"}],"predecessor-version":[{"id":1552,"href":"https:\/\/gesunde-gestaltung.de\/en_us\/wp-json\/wp\/v2\/posts\/1550\/revisions\/1552"}],"wp:featuredmedia":[{"embeddable":true,"href":"https:\/\/gesunde-gestaltung.de\/en_us\/wp-json\/wp\/v2\/media\/1554"}],"wp:attachment":[{"href":"https:\/\/gesunde-gestaltung.de\/en_us\/wp-json\/wp\/v2\/media?parent=1550"}],"wp:term":[{"taxonomy":"category","embeddable":true,"href":"https:\/\/gesunde-gestaltung.de\/en_us\/wp-json\/wp\/v2\/categories?post=1550"},{"taxonomy":"post_tag","embeddable":true,"href":"https:\/\/gesunde-gestaltung.de\/en_us\/wp-json\/wp\/v2\/tags?post=1550"}],"curies":[{"name":"wp","href":"https:\/\/api.w.org\/{rel}","templated":true}]}}