{"id":1500,"date":"2022-08-10T09:26:17","date_gmt":"2022-08-10T09:26:17","guid":{"rendered":"https:\/\/gesunde-gestaltung.de\/?p=1500"},"modified":"2022-08-11T07:42:09","modified_gmt":"2022-08-11T07:42:09","slug":"12-dr-helena-mueller-zum-zusammenhang-zwischen-psyche-und-gebauter-umwelt-mehrgenerationenwohnprojekten-und-aneignungsprozessen","status":"publish","type":"post","link":"https:\/\/gesunde-gestaltung.de\/en_us\/designtheorie\/12-dr-helena-mueller-zum-zusammenhang-zwischen-psyche-und-gebauter-umwelt-mehrgenerationenwohnprojekten-und-aneignungsprozessen\/","title":{"rendered":"#12: Dr. Helena M\u00fcller zum Zusammenhang zwischen Psyche und gebauter Umwelt, Mehrgenerationenwohnprojekten und Aneignungsprozessen"},"content":{"rendered":"<div class=\"powerpress_player\" id=\"powerpress_player_7036\"><!--[if lt IE 9]><script>document.createElement('audio');<\/script><![endif]-->\n<audio class=\"wp-audio-shortcode\" id=\"audio-1500-1\" preload=\"none\" style=\"width: 100%;\" controls=\"controls\"><source type=\"audio\/mpeg\" src=\"https:\/\/gesunde-gestaltung.de\/wp-content\/uploads\/2022\/06\/Podcast_Helena_Mueller-1.mp3?_=1\" \/><a href=\"https:\/\/gesunde-gestaltung.de\/wp-content\/uploads\/2022\/06\/Podcast_Helena_Mueller-1.mp3\">https:\/\/gesunde-gestaltung.de\/wp-content\/uploads\/2022\/06\/Podcast_Helena_Mueller-1.mp3<\/a><\/audio><\/div><p class=\"powerpress_links powerpress_links_mp3\" style=\"margin-bottom: 1px !important;\">Podcast: <a href=\"https:\/\/gesunde-gestaltung.de\/wp-content\/uploads\/2022\/06\/Podcast_Helena_Mueller-1.mp3\" class=\"powerpress_link_pinw\" target=\"_blank\" title=\"Play in new window\" onclick=\"return powerpress_pinw('https:\/\/gesunde-gestaltung.de\/en_us\/?powerpress_pinw=1500-podcast');\" rel=\"nofollow\">Play in new window<\/a> | <a href=\"https:\/\/gesunde-gestaltung.de\/wp-content\/uploads\/2022\/06\/Podcast_Helena_Mueller-1.mp3\" class=\"powerpress_link_d\" title=\"Download\" rel=\"nofollow\" download=\"Podcast_Helena_Mueller-1.mp3\">Download<\/a><\/p><p>Dr. Helena M\u00fcller forschte als promovierte Psychologin bereits unter anderem zu \u00dcberg\u00e4ngen \u00e4lterer Menschen in gemeinschaftliche Mehrgenerationen-Wohnprojekte. Dabei interessierten sie insbesondere Transaktionen zwischen Menschen und deren Umwelten sowie die Bedeutung dessen f\u00fcr das individuelle Erleben und Verhalten.<\/p>\n<p>&nbsp;<\/p>\n<p>In dieser Folge betrachten wir das Zusammenspiel zwischen gebauter Umwelt und Psyche und welche psychologischen Prozesse im Kontext von Mehrgenerationen-Wohnprojekten von besonderer Bedeutung sind. Wir gehen auch der Frage nach, wie Aneignungsprozesse in Bezug zur gebauten Umwelt ablaufen und welche Rolle dabei die Gestaltung dieser Kontexte spielt. Abschlie\u00dfend widmen wir uns auch den Feldern der \u00d6kogerontologie und Logotherapie in Bezug auf Gestaltungsprozesse und fragen uns welche (Forschungs-) Methoden eine Bed\u00fcrfnisorientierte Gestaltung unterst\u00fctzen k\u00f6nnen.<\/p>\n<p>&nbsp;<\/p>\n<p>&#8212;&#8212;&#8212;-<\/p>\n<p>&nbsp;<\/p>\n<p><strong>Relevante Links und weiterf\u00fchrende Informationen hierzu sind:<\/strong><\/p>\n<p>&nbsp;<\/p>\n<p>Chrysikou, E., M\u00fcller, H. &amp; Rehn, J. (2021). 11.P. Skills building seminar: Co-design workshop on reducing institutionalisation in mental health facilities by everyday objects. In: European Journal of Public Health 31 (Supplement_3). DOI: 10.1093\/eurpub\/ckab164.870.<\/p>\n<p>&nbsp;<\/p>\n<p>Frankl, Victor Emil (1946\/2007): \u2026 trotzdem Ja zum Leben sagen: Ein Psychologe erlebt das Konzentrationslager. M\u00fcnchen: dtv.<\/p>\n<p>&nbsp;<\/p>\n<p>Frankl, Viktor E. (2019): Man&#8217;s Search for Meaning: Random House USA.<\/p>\n<p>&nbsp;<\/p>\n<p>Freutel-Funke, T., M\u00fcller, H., N\u00e4gler, D., Wanka, A. &amp; Oswald, F. (in Druck). Linking Ages \u2013 Reflexive \u00dcbergangsforschung in Kindheit und h\u00f6herem Erwachsenenalter durch Interpretationen unter anderen Vorzeichen. <em>Zeitschrift f\u00fcr P\u00e4dagogik<\/em>, <em>68<\/em>, 98-114.<\/p>\n<p>&nbsp;<\/p>\n<p>M\u00fcller, H. (2022). Umzug in ein gemeinschaftliches Wohnprojekt \u2013 Person-Umwelt-Beziehungen im \u00dcbergang. In S. Andresen, F. Oswald &amp; B. Schmidt-Hertha (Hrsg.), \u00dcberg\u00e4nge in der Lebensspanne \u2013 Empirische und theoretische Perspektiven auf die Gestaltung in und zwischen den Lebensphasen. Opladen: Barbara Budrich.<\/p>\n<p>&nbsp;<\/p>\n<p>M\u00fcller, H. (2021b). On the psychological importance of control and valorisation in psychiatric environments. European Journal of Public Health 31 (Supplement_3). DOI: 10.1093\/eurpub\/ckab164.872.<\/p>\n<p>&nbsp;<\/p>\n<p>M\u00fcller, H. (2021a). Umz\u00fcge \u00e4lterer Menschen in gemeinschaftliche Mehrgenerationen-Wohnprojekte. Opladen: Barbara Budrich.<\/p>\n<p>&nbsp;<\/p>\n<p>M\u00fcller, H. &amp; Oswald, F. (2020). An Intergenerational Approach to Perceived Housing, Journal of Aging and Environment, 34(3), 270\u2013290.<\/p>\n<p>&nbsp;<\/p>\n<p>M\u00fcller, H., Wanka, A., &amp; Oswald, F. (2018). Wohnen und Wohnver\u00e4nderungen im Lebenslauf. In F. Kolland, R. Rohner, S. Hopf, &amp; V. Gallistl (Eds.), Wohnmonitor Altern 2018 (S. 51\u201362). Innsbruck, Wien, Bozen: Studien Verlag.<\/p>\n<p>&nbsp;<\/p>\n<p>Rehn, Jonas; M\u00fcller, Helena; Chrysikou, Evangelia (2021): Everyday objects as therapeutic elements in psychiatric wards &#8211; How to reduce institutionalisation in mental health facilities.<\/p>\n<p>&nbsp;<\/p>\n<p>Siebenmorgen, Birgit\/Fr\u00f6mgen-Siebenmorgen, Bodo (2017): Gemeinschafts(t)r\u00e4ume in Wohnprojekten entstehen lassen. Vortrag beim Wohnprojektetag RLP \u201eMensch \u2013 Raum \u2013 Gemeinschaft\u201c, 1.-2. September, Mainz.<\/p>\n<p>&nbsp;<\/p>\n<p>&nbsp;<\/p>\n<p>&#8212;&#8212;&#8212;-<\/p>\n<p>&nbsp;<\/p>\n<table width=\"893\">\n<tbody>\n<tr>\n<td width=\"893\"><strong>Time Stamps:<\/strong><\/td>\n<\/tr>\n<tr>\n<td width=\"893\">2:20 Psyche und gebaute Umwelt<\/td>\n<\/tr>\n<tr>\n<td width=\"893\">5:36 Umz\u00fcge in Mehrgenerationenwohnprojekte<\/td>\n<\/tr>\n<tr>\n<td width=\"893\">27:53 Aneignung<\/td>\n<\/tr>\n<tr>\n<td width=\"893\">35:47 \u00d6kogerontologie &amp; Logotherapie<\/td>\n<\/tr>\n<tr>\n<td width=\"893\">42:00 Bed\u00fcrfnisorientierung &amp; Forschungsmethoden<\/td>\n<\/tr>\n<\/tbody>\n<\/table>\n<p>&nbsp;<\/p>","protected":false},"excerpt":{"rendered":"<p>Dr. Helena M\u00fcller forschte als promovierte Psychologin bereits unter anderem zu \u00dcberg\u00e4ngen \u00e4lterer Menschen in gemeinschaftliche Mehrgenerationen-Wohnprojekte. Dabei interessierten sie insbesondere Transaktionen zwischen Menschen und deren Umwelten sowie die Bedeutung dessen f\u00fcr das individuelle Erleben und Verhalten. &nbsp; In dieser Folge betrachten wir das Zusammenspiel zwischen gebauter Umwelt und Psyche und welche psychologischen Prozesse im Kontext von Mehrgenerationen-Wohnprojekten von besonderer Bedeutung sind. Wir gehen auch der Frage nach, wie Aneignungsprozesse in Bezug zur gebauten Umwelt ablaufen und welche Rolle dabei die Gestaltung dieser Kontexte spielt. Abschlie\u00dfend widmen wir uns auch den Feldern der \u00d6kogerontologie und Logotherapie in Bezug auf Gestaltungsprozesse [&hellip;]<\/p>","protected":false},"author":1,"featured_media":1505,"comment_status":"open","ping_status":"open","sticky":false,"template":"","format":"standard","meta":{"footnotes":""},"categories":[6,7,8,60,14],"tags":[],"class_list":["post-1500","post","type-post","status-publish","format-standard","has-post-thumbnail","hentry","category-designtheorie","category-evidence-based-design","category-forschungsmethoden","category-podcast","category-wissenschaft"],"_links":{"self":[{"href":"https:\/\/gesunde-gestaltung.de\/en_us\/wp-json\/wp\/v2\/posts\/1500","targetHints":{"allow":["GET"]}}],"collection":[{"href":"https:\/\/gesunde-gestaltung.de\/en_us\/wp-json\/wp\/v2\/posts"}],"about":[{"href":"https:\/\/gesunde-gestaltung.de\/en_us\/wp-json\/wp\/v2\/types\/post"}],"author":[{"embeddable":true,"href":"https:\/\/gesunde-gestaltung.de\/en_us\/wp-json\/wp\/v2\/users\/1"}],"replies":[{"embeddable":true,"href":"https:\/\/gesunde-gestaltung.de\/en_us\/wp-json\/wp\/v2\/comments?post=1500"}],"version-history":[{"count":2,"href":"https:\/\/gesunde-gestaltung.de\/en_us\/wp-json\/wp\/v2\/posts\/1500\/revisions"}],"predecessor-version":[{"id":1502,"href":"https:\/\/gesunde-gestaltung.de\/en_us\/wp-json\/wp\/v2\/posts\/1500\/revisions\/1502"}],"wp:featuredmedia":[{"embeddable":true,"href":"https:\/\/gesunde-gestaltung.de\/en_us\/wp-json\/wp\/v2\/media\/1505"}],"wp:attachment":[{"href":"https:\/\/gesunde-gestaltung.de\/en_us\/wp-json\/wp\/v2\/media?parent=1500"}],"wp:term":[{"taxonomy":"category","embeddable":true,"href":"https:\/\/gesunde-gestaltung.de\/en_us\/wp-json\/wp\/v2\/categories?post=1500"},{"taxonomy":"post_tag","embeddable":true,"href":"https:\/\/gesunde-gestaltung.de\/en_us\/wp-json\/wp\/v2\/tags?post=1500"}],"curies":[{"name":"wp","href":"https:\/\/api.w.org\/{rel}","templated":true}]}}